{"id":924,"date":"2021-03-19T18:32:21","date_gmt":"2021-03-19T18:32:21","guid":{"rendered":"https:\/\/muvaclinares.es\/?p=924"},"modified":"2021-03-20T11:27:59","modified_gmt":"2021-03-20T11:27:59","slug":"mejorando-la-experiencia-de-la-visita-a-magistral-aguilera","status":"publish","type":"post","link":"https:\/\/muvaclinares.es\/index.php\/2021\/03\/19\/mejorando-la-experiencia-de-la-visita-a-magistral-aguilera\/","title":{"rendered":"Mejorando la experiencia de la Visita a &#8220;Magistral Aguilera&#8221;"},"content":{"rendered":"<script>console.debug('TRINITY_WP', 'Skip player from rendering', 'is single: , is main loop: , is main query: 1');<\/script><script>console.debug('TRINITY_WP', 'trinity_content_filter');<\/script><p><!--more-->Para facilitar la visita f\u00edsica a la Exposici\u00f3n &#8220;Magistral Aguilera&#8221; en la sala Espacio de Arte Gourmet Cazorla, hemos creado una serie de art\u00edculos que le ayudar\u00e1n a conocer mejor la vida y obra del genial pintor linarense.<\/p>\n<p><img loading=\"lazy\" class=\"alignnone size-medium wp-image-925\" src=\"https:\/\/muvaclinares.es\/wp-content\/uploads\/2021\/03\/Sala-exposiciones-GC-copia-300x221.jpg\" alt=\"\" width=\"300\" height=\"221\" srcset=\"https:\/\/muvaclinares.es\/wp-content\/uploads\/2021\/03\/Sala-exposiciones-GC-copia-300x221.jpg 300w, https:\/\/muvaclinares.es\/wp-content\/uploads\/2021\/03\/Sala-exposiciones-GC-copia-1024x756.jpg 1024w, https:\/\/muvaclinares.es\/wp-content\/uploads\/2021\/03\/Sala-exposiciones-GC-copia-768x567.jpg 768w, https:\/\/muvaclinares.es\/wp-content\/uploads\/2021\/03\/Sala-exposiciones-GC-copia-1536x1133.jpg 1536w, https:\/\/muvaclinares.es\/wp-content\/uploads\/2021\/03\/Sala-exposiciones-GC-copia-2048x1511.jpg 2048w\" sizes=\"(max-width: 300px) 100vw, 300px\" \/><\/p>\n<p align=\"JUSTIFY\">En la imagen encontrar\u00e1 un plano de la sala de exposiciones. Como ver\u00e1, hemos dividido el espacio en tres grandes apartados (Corredor, Sala 1 y Sala 2) que citaremos a lo largo de dichos art\u00edculos para referirnos a la ubicaci\u00f3n de las obras.<\/p>\n<p align=\"JUSTIFY\">Para una mejor comprensi\u00f3n de la Exposici\u00f3n, le sugerimos que inicie su recorrido contemplando las obras de los alumnos de Don Miguel P\u00e9rez Aguilera expuestas en el <b>corredor perimetral<\/b>. H\u00e1galo, si es posible, girando en la entrada a la derecha y recorriendo el pasillo hasta volver a este mismo lugar.<\/p>\n<p align=\"JUSTIFY\">A continuaci\u00f3n, dir\u00edjase a la <b>Sala 1<\/b> en la que podr\u00e1 conocer la obra figurativa de los primeros tiempos del genial catedr\u00e1tico y pintor de origen linarense.<\/p>\n<p align=\"JUSTIFY\">Por \u00faltimo, entre en la <b>Sala 2<\/b> para admirar los trabajos de los \u00faltimos 39 a\u00f1os de vida de P\u00e9rez Aguilera en la que el autor traspasa lo l\u00edmites de la figuraci\u00f3n para entregarse en cuerpo y alma a la captaci\u00f3n de la abstracci\u00f3n.<\/p>\n<p><img loading=\"lazy\" class=\"alignnone size-medium wp-image-974\" src=\"https:\/\/muvaclinares.es\/wp-content\/uploads\/2021\/03\/catalogo-300x300.png\" alt=\"\" width=\"300\" height=\"300\" srcset=\"https:\/\/muvaclinares.es\/wp-content\/uploads\/2021\/03\/catalogo-300x300.png 300w, https:\/\/muvaclinares.es\/wp-content\/uploads\/2021\/03\/catalogo-150x150.png 150w, https:\/\/muvaclinares.es\/wp-content\/uploads\/2021\/03\/catalogo.png 530w\" sizes=\"(max-width: 300px) 100vw, 300px\" \/><\/p>\n<p>Acerque la c\u00e1mara de su m\u00f3vil al c\u00f3digo QR m\u00e1s pr\u00f3ximo y acepte el desv\u00edo a nuestra web para disfrutar del contenido del art\u00edculo m\u00e1s relevante para la secci\u00f3n de la exposici\u00f3n en la que se encuentre.<\/p>\n<p>Si lo desea, podr\u00e1 escuchar el contenido del art\u00edculo sin dejar de contemplarlo simplemente indicando al principio del art\u00edculo que desea que sea reproducido verbalmente.<\/p>\n<p align=\"JUSTIFY\">\n","protected":false},"excerpt":{"rendered":"","protected":false},"author":1,"featured_media":703,"comment_status":"open","ping_status":"open","sticky":false,"template":"","format":"standard","meta":{"spay_email":""},"categories":[225],"tags":[235,90,14,226,230,162],"jetpack_featured_media_url":"https:\/\/muvaclinares.es\/wp-content\/uploads\/2021\/03\/IMG_0039-scaled.jpg","_links":{"self":[{"href":"https:\/\/muvaclinares.es\/index.php\/wp-json\/wp\/v2\/posts\/924"}],"collection":[{"href":"https:\/\/muvaclinares.es\/index.php\/wp-json\/wp\/v2\/posts"}],"about":[{"href":"https:\/\/muvaclinares.es\/index.php\/wp-json\/wp\/v2\/types\/post"}],"author":[{"embeddable":true,"href":"https:\/\/muvaclinares.es\/index.php\/wp-json\/wp\/v2\/users\/1"}],"replies":[{"embeddable":true,"href":"https:\/\/muvaclinares.es\/index.php\/wp-json\/wp\/v2\/comments?post=924"}],"version-history":[{"count":6,"href":"https:\/\/muvaclinares.es\/index.php\/wp-json\/wp\/v2\/posts\/924\/revisions"}],"predecessor-version":[{"id":1009,"href":"https:\/\/muvaclinares.es\/index.php\/wp-json\/wp\/v2\/posts\/924\/revisions\/1009"}],"wp:featuredmedia":[{"embeddable":true,"href":"https:\/\/muvaclinares.es\/index.php\/wp-json\/wp\/v2\/media\/703"}],"wp:attachment":[{"href":"https:\/\/muvaclinares.es\/index.php\/wp-json\/wp\/v2\/media?parent=924"}],"wp:term":[{"taxonomy":"category","embeddable":true,"href":"https:\/\/muvaclinares.es\/index.php\/wp-json\/wp\/v2\/categories?post=924"},{"taxonomy":"post_tag","embeddable":true,"href":"https:\/\/muvaclinares.es\/index.php\/wp-json\/wp\/v2\/tags?post=924"}],"curies":[{"name":"wp","href":"https:\/\/api.w.org\/{rel}","templated":true}]}}